{"id":2300,"date":"2026-04-30T14:13:00","date_gmt":"2026-04-30T12:13:00","guid":{"rendered":"https:\/\/www.cefii.fr\/blog\/?p=2300"},"modified":"2026-04-01T14:41:23","modified_gmt":"2026-04-01T12:41:23","slug":"lia-peut-elle-remplacer-la-creativite","status":"publish","type":"post","link":"https:\/\/www.cefii.fr\/blog\/lia-peut-elle-remplacer-la-creativite\/","title":{"rendered":"L&rsquo;IA peut-elle remplacer la cr\u00e9ativit\u00e9 ?"},"content":{"rendered":"\n[et_pb_section fb_built=\u00a0\u00bb1&Prime; _builder_version=\u00a0\u00bb4.25.1&Prime; _module_preset=\u00a0\u00bbdefault\u00a0\u00bb custom_padding=\u00a0\u00bb2px||8px|||\u00a0\u00bb global_colors_info=\u00a0\u00bb{}\u00a0\u00bb][et_pb_row _builder_version=\u00a0\u00bb4.25.1&Prime; _module_preset=\u00a0\u00bbdefault\u00a0\u00bb custom_margin=\u00a0\u00bb-3px|auto||auto||\u00a0\u00bb custom_padding=\u00a0\u00bb10px|||||\u00a0\u00bb global_colors_info=\u00a0\u00bb{}\u00a0\u00bb][et_pb_column type=\u00a0\u00bb4_4&Prime; _builder_version=\u00a0\u00bb4.25.1&Prime; _module_preset=\u00a0\u00bbdefault\u00a0\u00bb global_colors_info=\u00a0\u00bb{}\u00a0\u00bb][et_pb_text _builder_version=\u00a0\u00bb4.25.1&Prime; _module_preset=\u00a0\u00bbdefault\u00a0\u00bb hover_enabled=\u00a0\u00bb0&Prime; global_colors_info=\u00a0\u00bb{}\u00a0\u00bb sticky_enabled=\u00a0\u00bb0&Prime; custom_padding=\u00a0\u00bb||0px|||\u00a0\u00bb]<p>En 2026, impossible d\u2019\u00e9chapper au sujet : l\u2019intelligence artificielle. Elle g\u00e9n\u00e8re des images, \u00e9crit des textes, compose de la musique, code des applications\u2026 et bouleverse les m\u00e9tiers cr\u00e9atifs.<\/p>\n<p>Alors une question s\u2019impose : <strong>l\u2019IA peut-elle vraiment remplacer la cr\u00e9ativit\u00e9 humaine ?<\/strong><!-- notionvc: 4375d81d-cd6e-4775-8746-8bda55225024 --><!-- notionvc: 5c4a1ecd-5611-4b27-8e61-555122518d7e --><\/p>\n<p><strong><!-- notionvc: cc7b0674-3cc5-48c2-a459-32483e4d0af4 --><\/strong><\/p>[\/et_pb_text][et_pb_text _builder_version=\u00a0\u00bb4.25.1&Prime; _module_preset=\u00a0\u00bbdefault\u00a0\u00bb hover_enabled=\u00a0\u00bb0&Prime; global_colors_info=\u00a0\u00bb{}\u00a0\u00bb sticky_enabled=\u00a0\u00bb0&Prime;]<h2>L\u2019IA dans les arts : un d\u00e9bat d\u00e9j\u00e0 bien r\u00e9el<\/h2>\n<p>L\u2019un des cas les plus marquants reste celui du concours <strong>Sony World Photography Awards<\/strong> en 2023.<\/p>\n<p>L\u2019artiste allemand <strong>Boris Eldagsen<\/strong> y a remport\u00e9 un prix avec une image g\u00e9n\u00e9r\u00e9e par intelligence artificielle intitul\u00e9e <em>The Electrician<\/em>.<\/p>\n<p>Apr\u00e8s l\u2019annonce des r\u00e9sultats, il a r\u00e9v\u00e9l\u00e9 que l\u2019image \u00e9tait enti\u00e8rement produite par IA\u2026 et a refus\u00e9 le prix, expliquant vouloir provoquer un d\u00e9bat sur la place de l\u2019IA dans l\u2019art.<\/p>\n<p>Cet \u00e9v\u00e9nement a marqu\u00e9 un tournant :<\/p>\n<p>\ud83d\udc49 si une machine peut produire une \u0153uvre prim\u00e9e, qu\u2019est-ce que cela dit de la cr\u00e9ativit\u00e9 ?<\/p>\n<h2>L\u2019intelligence artificielle est-elle vraiment cr\u00e9ative ?<\/h2>\n<p>L\u2019IA fonctionne par :<\/p>\n<ul>\n<li>analyse de donn\u00e9es massives<\/li>\n<li>apprentissage statistique<\/li>\n<li>reproduction de styles existants<\/li>\n<li>recombinaison de mod\u00e8les<\/li>\n<\/ul>\n<p>Si vous demandez \u00e0 une IA de cr\u00e9er \u00ab dans le style de Pablo Picasso \u00bb, elle ne cr\u00e9e pas une \u0153uvre originale au sens humain : elle synth\u00e9tise des milliers d\u2019images existantes.<\/p>\n<p>La question devient alors :<\/p>\n<ul>\n<li>Est-ce de la cr\u00e9ation ?<\/li>\n<li>De l\u2019imitation sophistiqu\u00e9e ?<\/li>\n<li>Une nouvelle forme d\u2019outil artistique ?<\/li>\n<\/ul>\n<h2>Le parall\u00e8le avec AlphaGo : l\u2019humain face \u00e0 la machine<\/h2>\n<p>En 2016, le champion de Go <strong>Lee Sedol<\/strong> affrontait <strong>DeepMind<\/strong> et son programme AlphaGo.<\/p>\n<p>L\u2019IA dominait logiquement la comp\u00e9tition\u2026 jusqu\u2019\u00e0 ce que Lee Sedol joue ce que l\u2019on appelle aujourd\u2019hui \u00ab le coup divin \u00bb \u2014 une d\u00e9cision inattendue, cr\u00e9ative, presque intuitive.<\/p>\n<p>Ce moment a rappel\u00e9 une chose essentielle :<\/p>\n<p>la cr\u00e9ativit\u00e9 humaine n\u2019est pas uniquement logique ou statistique. Elle est \u00e9motionnelle, contextuelle, imparfaite\u2026 et parfois g\u00e9niale.<\/p>\n<h2>IA et m\u00e9tiers cr\u00e9atifs : menace ou opportunit\u00e9 ?<\/h2>\n<p>Dans les m\u00e9tiers du web et du design, l\u2019IA est d\u00e9j\u00e0 pr\u00e9sente :<\/p>\n<ul>\n<li>g\u00e9n\u00e9ration d\u2019images<\/li>\n<li>cr\u00e9ation de maquettes<\/li>\n<li>assistance au code<\/li>\n<li>r\u00e9daction automatique<\/li>\n<li>retouche photo<\/li>\n<\/ul>\n<p>Mais elle reste un outil.<\/p>\n<p>Un designer ou un d\u00e9veloppeur ne se contente pas de produire : il comprend un besoin, un contexte, un utilisateur. Il fait des choix. Il cr\u00e9e du sens.<\/p>\n<p>L\u2019IA peut acc\u00e9l\u00e9rer la production.<\/p>\n<p>Elle ne remplace pas la r\u00e9flexion strat\u00e9gique.<\/p>\n<h2>Ce que l\u2019IA ne remplace pas (encore)<\/h2>\n<p>\u2714 L\u2019intuition<\/p>\n<p>\u2714 L\u2019\u00e9motion<\/p>\n<p>\u2714 L\u2019exp\u00e9rience v\u00e9cue<\/p>\n<p>\u2714 La culture personnelle<\/p>\n<p>\u2714 La relation humaine<\/p>\n<p>\u2714 La compr\u00e9hension fine d\u2019un client<\/p>\n<p>La cr\u00e9ativit\u00e9 humaine repose sur l\u2019exp\u00e9rience, l\u2019erreur, l\u2019intention.<\/p>\n<p>Un \u00e9cran n\u2019a pas d\u2019odeur.<\/p>\n<p>Un algorithme ne ressent pas la peur de l\u2019\u00e9chec.<\/p>\n<p>Une machine n\u2019a pas d\u2019histoire personnelle.<\/p>\n<h2>Et pour les \u00e9tudiants et futurs cr\u00e9atifs ?<\/h2>\n<p>La vraie question n\u2019est peut-\u00eatre pas :<\/p>\n<p>\u00ab L\u2019IA va-t-elle me remplacer ? \u00bb<\/p>\n<p>Mais plut\u00f4t :<\/p>\n<p>\ud83d\udc49 \u00ab Comment puis-je apprendre \u00e0 travailler avec l\u2019IA ? \u00bb<\/p>\n<p>Les m\u00e9tiers du num\u00e9rique \u00e9voluent. Les comp\u00e9tences aussi.<\/p>\n<p>Aujourd\u2019hui, se former au design web ou au d\u00e9veloppement, c\u2019est aussi apprendre \u00e0 :<\/p>\n<ul>\n<li>utiliser les outils d\u2019IA intelligemment<\/li>\n<li>garder un regard critique<\/li>\n<li>d\u00e9velopper sa cr\u00e9ativit\u00e9 personnelle<\/li>\n<li>comprendre l\u2019\u00e9thique num\u00e9rique<\/li>\n<\/ul>\n<p>C\u2019est dans cette optique que des centres comme CEFii int\u00e8grent les \u00e9volutions technologiques dans leurs formations, \u00e0 distance ou \u00e0 Angers, afin de pr\u00e9parer les apprenants aux r\u00e9alit\u00e9s du march\u00e9.<\/p>\n<h2>L\u2019IA remplacera-t-elle les cr\u00e9atifs ?<\/h2>\n<p>Non.<\/p>\n<p>Mais elle transformera leur m\u00e9tier.<\/p>\n<p>Comme la photographie n\u2019a pas remplac\u00e9 la peinture, comme le num\u00e9rique n\u2019a pas supprim\u00e9 l\u2019art traditionnel, l\u2019intelligence artificielle red\u00e9finit les outils \u2014 pas la cr\u00e9ativit\u00e9.<\/p>\n<p>L\u2019histoire montre que chaque r\u00e9volution technologique cr\u00e9e de nouveaux m\u00e9tiers plut\u00f4t qu\u2019elle n\u2019en d\u00e9truit totalement.<\/p>\n<p>&nbsp;<\/p>\n<p><!-- notionvc: 58edd109-24b9-4ec7-82b8-54622f694df4 --><\/p>[\/et_pb_text][et_pb_text _builder_version=\u00a0\u00bb4.25.1&Prime; _module_preset=\u00a0\u00bbdefault\u00a0\u00bb global_colors_info=\u00a0\u00bb{}\u00a0\u00bb]<h2>Pourquoi choisir une formation web ?<!-- notionvc: bf8f0a1a-3f54-425d-b6fe-9ad47187d528 --><br \/><!-- notionvc: 68684a81-1976-4432-bb27-9784696459c3 --><\/h2>[\/et_pb_text][et_pb_text _builder_version=\u00a0\u00bb4.25.1&Prime; _module_preset=\u00a0\u00bbdefault\u00a0\u00bb global_colors_info=\u00a0\u00bb{}\u00a0\u00bb]<p>Le secteur du num\u00e9rique reste l\u2019un des plus porteurs en France.<\/p>\n<p>Selon France Travail, les m\u00e9tiers du d\u00e9veloppement et du digital font partie des profils les plus recherch\u00e9s par les entreprises.<\/p>\n<p>Les avantages :<\/p>\n<ul>\n<li>Fort taux d\u2019employabilit\u00e9<\/li>\n<li>Possibilit\u00e9 de t\u00e9l\u00e9travail<\/li>\n<li>Salaires attractifs<\/li>\n<li>Reconversion possible \u00e0 tout \u00e2ge<\/li>\n<\/ul>\n<p dir=\"auto\" class=\"whitespace-break-spaces\"><!-- notionvc: a602c26e-2f59-4e89-94db-4289882b0f71 --><\/p>[\/et_pb_text][et_pb_text _builder_version=\u00a0\u00bb4.25.1&Prime; _module_preset=\u00a0\u00bbdefault\u00a0\u00bb hover_enabled=\u00a0\u00bb0&Prime; global_colors_info=\u00a0\u00bb{}\u00a0\u00bb sticky_enabled=\u00a0\u00bb0&Prime;]<h2>Conclusion : l\u2019IA r\u00e9v\u00e8le notre humanit\u00e9<!-- notionvc: 68684a81-1976-4432-bb27-9784696459c3 --><\/h2>[\/et_pb_text][et_pb_text _builder_version=\u00a0\u00bb4.25.1&Prime; _module_preset=\u00a0\u00bbdefault\u00a0\u00bb hover_enabled=\u00a0\u00bb0&Prime; global_colors_info=\u00a0\u00bb{}\u00a0\u00bb sticky_enabled=\u00a0\u00bb0&Prime;]<p>Empreintes digitales, flocons de neige, spirales naturelles\u2026 la nature elle-m\u00eame est une galerie d\u2019\u0153uvres uniques.<\/p>\n<p>Ce qui rend une cr\u00e9ation puissante n\u2019est pas seulement son esth\u00e9tique, mais l\u2019intention derri\u00e8re elle.<\/p>\n<p>L\u2019IA nous pousse \u00e0 red\u00e9finir ce qu\u2019est la cr\u00e9ativit\u00e9.<\/p>\n<p>Et peut-\u00eatre que sa plus grande contribution sera de nous rappeler ce qui nous rend profond\u00e9ment humains.<\/p>\n<p><!-- notionvc: b48c5120-7e0d-4820-9ebf-422e1671ca63 --><\/p>\n<p><!-- notionvc: 4dfa14ae-ec52-456d-8a8b-98021f1116a3 --><\/p>\n<p><!-- notionvc: d44bf92d-5227-46af-adbd-e5a872121332 --><\/p>[\/et_pb_text][et_pb_button button_url=\u00a0\u00bbhttps:\/\/cefii.fr\/nos-formations\u00a0\u00bb button_text=\u00a0\u00bbD\u00e9couvrez les parcours propos\u00e9s par le CEFii\u00a0\u00bb _builder_version=\u00a0\u00bb4.25.1&Prime; _module_preset=\u00a0\u00bbdefault\u00a0\u00bb global_colors_info=\u00a0\u00bb{}\u00a0\u00bb][\/et_pb_button][\/et_pb_column][\/et_pb_row][\/et_pb_section]\n","protected":false},"excerpt":{"rendered":"<p>L\u2019intelligence artificielle peut-elle remplacer les cr\u00e9atifs en 2026 ? Analyse, exemples (AlphaGo, photographie IA) et impact sur les m\u00e9tiers du design et du web.<\/p>\n","protected":false},"author":2,"featured_media":2304,"comment_status":"closed","ping_status":"closed","sticky":false,"template":"","format":"standard","meta":{"_et_pb_use_builder":"on","_et_pb_old_content":"","_et_gb_content_width":"","footnotes":""},"categories":[29,11,7],"tags":[],"class_list":["post-2300","post","type-post","status-publish","format-standard","has-post-thumbnail","hentry","category-intelligence-artificielle","category-metiers-du-web","category-webdesign"],"yoast_head":"<!-- This site is optimized with the Yoast SEO plugin v27.3 - https:\/\/yoast.com\/product\/yoast-seo-wordpress\/ -->\n<title>L&#039;IA peut-elle remplacer la cr\u00e9ativit\u00e9 ? - Blog du CEFii<\/title>\n<meta name=\"description\" content=\"Vous r\u00eavez de donner un nouvel \u00e9lan \u00e0 votre carri\u00e8re ou \u00eates en pleine reconversion professionnelle ? Bonne nouvelle, la r\u00e9gion Pays de la Loire est pr\u00eate \u00e0 vous soutenir dans votre projet de formation !\" \/>\n<meta name=\"robots\" content=\"index, follow, max-snippet:-1, max-image-preview:large, max-video-preview:-1\" \/>\n<link rel=\"canonical\" href=\"https:\/\/www.cefii.fr\/blog\/lia-peut-elle-remplacer-la-creativite\/\" \/>\n<meta property=\"og:locale\" content=\"fr_FR\" \/>\n<meta property=\"og:type\" content=\"article\" \/>\n<meta property=\"og:title\" content=\"L&#039;IA peut-elle remplacer la cr\u00e9ativit\u00e9 ? - Blog du CEFii\" \/>\n<meta property=\"og:description\" content=\"Vous r\u00eavez de donner un nouvel \u00e9lan \u00e0 votre carri\u00e8re ou \u00eates en pleine reconversion professionnelle ? Bonne nouvelle, la r\u00e9gion Pays de la Loire est pr\u00eate \u00e0 vous soutenir dans votre projet de formation !\" \/>\n<meta property=\"og:url\" content=\"https:\/\/www.cefii.fr\/blog\/lia-peut-elle-remplacer-la-creativite\/\" \/>\n<meta property=\"og:site_name\" content=\"Blog du CEFii\" \/>\n<meta property=\"article:publisher\" content=\"https:\/\/www.facebook.com\/CEFiiWeb\" \/>\n<meta property=\"article:published_time\" content=\"2026-04-30T12:13:00+00:00\" \/>\n<meta property=\"og:image\" content=\"https:\/\/www.cefii.fr\/blog\/wp-content\/uploads\/2026\/04\/Nouveaute-Adobe-Photoshop-2023.jpg\" \/>\n\t<meta property=\"og:image:width\" content=\"1200\" \/>\n\t<meta property=\"og:image:height\" content=\"600\" \/>\n\t<meta property=\"og:image:type\" content=\"image\/jpeg\" \/>\n<meta name=\"author\" content=\"nolwenn\" \/>\n<meta name=\"twitter:label1\" content=\"\u00c9crit par\" \/>\n\t<meta name=\"twitter:data1\" content=\"nolwenn\" \/>\n\t<meta name=\"twitter:label2\" content=\"Dur\u00e9e de lecture estim\u00e9e\" \/>\n\t<meta name=\"twitter:data2\" content=\"4 minutes\" \/>\n<script type=\"application\/ld+json\" class=\"yoast-schema-graph\">{\"@context\":\"https:\\\/\\\/schema.org\",\"@graph\":[{\"@type\":\"Article\",\"@id\":\"https:\\\/\\\/www.cefii.fr\\\/blog\\\/lia-peut-elle-remplacer-la-creativite\\\/#article\",\"isPartOf\":{\"@id\":\"https:\\\/\\\/www.cefii.fr\\\/blog\\\/lia-peut-elle-remplacer-la-creativite\\\/\"},\"author\":{\"name\":\"nolwenn\",\"@id\":\"https:\\\/\\\/www.cefii.fr\\\/blog\\\/#\\\/schema\\\/person\\\/6e5370e5fa8bce93666caec7da146b71\"},\"headline\":\"L&rsquo;IA peut-elle remplacer la cr\u00e9ativit\u00e9 ?\",\"datePublished\":\"2026-04-30T12:13:00+00:00\",\"mainEntityOfPage\":{\"@id\":\"https:\\\/\\\/www.cefii.fr\\\/blog\\\/lia-peut-elle-remplacer-la-creativite\\\/\"},\"wordCount\":997,\"publisher\":{\"@id\":\"https:\\\/\\\/www.cefii.fr\\\/blog\\\/#organization\"},\"image\":{\"@id\":\"https:\\\/\\\/www.cefii.fr\\\/blog\\\/lia-peut-elle-remplacer-la-creativite\\\/#primaryimage\"},\"thumbnailUrl\":\"https:\\\/\\\/www.cefii.fr\\\/blog\\\/wp-content\\\/uploads\\\/2026\\\/04\\\/Nouveaute-Adobe-Photoshop-2023.jpg\",\"articleSection\":[\"Intelligence artificielle\",\"M\u00e9tiers du web\",\"Webdesign\"],\"inLanguage\":\"fr-FR\"},{\"@type\":\"WebPage\",\"@id\":\"https:\\\/\\\/www.cefii.fr\\\/blog\\\/lia-peut-elle-remplacer-la-creativite\\\/\",\"url\":\"https:\\\/\\\/www.cefii.fr\\\/blog\\\/lia-peut-elle-remplacer-la-creativite\\\/\",\"name\":\"L'IA peut-elle remplacer la cr\u00e9ativit\u00e9 ? - Blog du CEFii\",\"isPartOf\":{\"@id\":\"https:\\\/\\\/www.cefii.fr\\\/blog\\\/#website\"},\"primaryImageOfPage\":{\"@id\":\"https:\\\/\\\/www.cefii.fr\\\/blog\\\/lia-peut-elle-remplacer-la-creativite\\\/#primaryimage\"},\"image\":{\"@id\":\"https:\\\/\\\/www.cefii.fr\\\/blog\\\/lia-peut-elle-remplacer-la-creativite\\\/#primaryimage\"},\"thumbnailUrl\":\"https:\\\/\\\/www.cefii.fr\\\/blog\\\/wp-content\\\/uploads\\\/2026\\\/04\\\/Nouveaute-Adobe-Photoshop-2023.jpg\",\"datePublished\":\"2026-04-30T12:13:00+00:00\",\"description\":\"Vous r\u00eavez de donner un nouvel \u00e9lan \u00e0 votre carri\u00e8re ou \u00eates en pleine reconversion professionnelle ? Bonne nouvelle, la r\u00e9gion Pays de la Loire est pr\u00eate \u00e0 vous soutenir dans votre projet de formation !\",\"breadcrumb\":{\"@id\":\"https:\\\/\\\/www.cefii.fr\\\/blog\\\/lia-peut-elle-remplacer-la-creativite\\\/#breadcrumb\"},\"inLanguage\":\"fr-FR\",\"potentialAction\":[{\"@type\":\"ReadAction\",\"target\":[\"https:\\\/\\\/www.cefii.fr\\\/blog\\\/lia-peut-elle-remplacer-la-creativite\\\/\"]}]},{\"@type\":\"ImageObject\",\"inLanguage\":\"fr-FR\",\"@id\":\"https:\\\/\\\/www.cefii.fr\\\/blog\\\/lia-peut-elle-remplacer-la-creativite\\\/#primaryimage\",\"url\":\"https:\\\/\\\/www.cefii.fr\\\/blog\\\/wp-content\\\/uploads\\\/2026\\\/04\\\/Nouveaute-Adobe-Photoshop-2023.jpg\",\"contentUrl\":\"https:\\\/\\\/www.cefii.fr\\\/blog\\\/wp-content\\\/uploads\\\/2026\\\/04\\\/Nouveaute-Adobe-Photoshop-2023.jpg\",\"width\":1200,\"height\":600},{\"@type\":\"BreadcrumbList\",\"@id\":\"https:\\\/\\\/www.cefii.fr\\\/blog\\\/lia-peut-elle-remplacer-la-creativite\\\/#breadcrumb\",\"itemListElement\":[{\"@type\":\"ListItem\",\"position\":1,\"name\":\"Accueil\",\"item\":\"https:\\\/\\\/www.cefii.fr\\\/blog\\\/\"},{\"@type\":\"ListItem\",\"position\":2,\"name\":\"L&rsquo;IA peut-elle remplacer la cr\u00e9ativit\u00e9 ?\"}]},{\"@type\":\"WebSite\",\"@id\":\"https:\\\/\\\/www.cefii.fr\\\/blog\\\/#website\",\"url\":\"https:\\\/\\\/www.cefii.fr\\\/blog\\\/\",\"name\":\"Blog du CEFii\",\"description\":\"Suivez les actus de votre organisme de formation | CEFii\",\"publisher\":{\"@id\":\"https:\\\/\\\/www.cefii.fr\\\/blog\\\/#organization\"},\"potentialAction\":[{\"@type\":\"SearchAction\",\"target\":{\"@type\":\"EntryPoint\",\"urlTemplate\":\"https:\\\/\\\/www.cefii.fr\\\/blog\\\/?s={search_term_string}\"},\"query-input\":{\"@type\":\"PropertyValueSpecification\",\"valueRequired\":true,\"valueName\":\"search_term_string\"}}],\"inLanguage\":\"fr-FR\"},{\"@type\":\"Organization\",\"@id\":\"https:\\\/\\\/www.cefii.fr\\\/blog\\\/#organization\",\"name\":\"Blog du CEFii\",\"url\":\"https:\\\/\\\/www.cefii.fr\\\/blog\\\/\",\"logo\":{\"@type\":\"ImageObject\",\"inLanguage\":\"fr-FR\",\"@id\":\"https:\\\/\\\/www.cefii.fr\\\/blog\\\/#\\\/schema\\\/logo\\\/image\\\/\",\"url\":\"https:\\\/\\\/www.cefii.fr\\\/blog\\\/wp-content\\\/uploads\\\/2023\\\/11\\\/site-logo-cefii-2024-fonce.png\",\"contentUrl\":\"https:\\\/\\\/www.cefii.fr\\\/blog\\\/wp-content\\\/uploads\\\/2023\\\/11\\\/site-logo-cefii-2024-fonce.png\",\"width\":200,\"height\":109,\"caption\":\"Blog du CEFii\"},\"image\":{\"@id\":\"https:\\\/\\\/www.cefii.fr\\\/blog\\\/#\\\/schema\\\/logo\\\/image\\\/\"},\"sameAs\":[\"https:\\\/\\\/www.facebook.com\\\/CEFiiWeb\",\"https:\\\/\\\/www.linkedin.com\\\/school\\\/11289329\\\/\",\"https:\\\/\\\/www.instagram.com\\\/cefii_formations\\\/\"]},{\"@type\":\"Person\",\"@id\":\"https:\\\/\\\/www.cefii.fr\\\/blog\\\/#\\\/schema\\\/person\\\/6e5370e5fa8bce93666caec7da146b71\",\"name\":\"nolwenn\"}]}<\/script>\n<!-- \/ Yoast SEO plugin. -->","yoast_head_json":{"title":"L'IA peut-elle remplacer la cr\u00e9ativit\u00e9 ? - Blog du CEFii","description":"Vous r\u00eavez de donner un nouvel \u00e9lan \u00e0 votre carri\u00e8re ou \u00eates en pleine reconversion professionnelle ? Bonne nouvelle, la r\u00e9gion Pays de la Loire est pr\u00eate \u00e0 vous soutenir dans votre projet de formation !","robots":{"index":"index","follow":"follow","max-snippet":"max-snippet:-1","max-image-preview":"max-image-preview:large","max-video-preview":"max-video-preview:-1"},"canonical":"https:\/\/www.cefii.fr\/blog\/lia-peut-elle-remplacer-la-creativite\/","og_locale":"fr_FR","og_type":"article","og_title":"L'IA peut-elle remplacer la cr\u00e9ativit\u00e9 ? - Blog du CEFii","og_description":"Vous r\u00eavez de donner un nouvel \u00e9lan \u00e0 votre carri\u00e8re ou \u00eates en pleine reconversion professionnelle ? Bonne nouvelle, la r\u00e9gion Pays de la Loire est pr\u00eate \u00e0 vous soutenir dans votre projet de formation !","og_url":"https:\/\/www.cefii.fr\/blog\/lia-peut-elle-remplacer-la-creativite\/","og_site_name":"Blog du CEFii","article_publisher":"https:\/\/www.facebook.com\/CEFiiWeb","article_published_time":"2026-04-30T12:13:00+00:00","og_image":[{"width":1200,"height":600,"url":"https:\/\/www.cefii.fr\/blog\/wp-content\/uploads\/2026\/04\/Nouveaute-Adobe-Photoshop-2023.jpg","type":"image\/jpeg"}],"author":"nolwenn","twitter_misc":{"\u00c9crit par":"nolwenn","Dur\u00e9e de lecture estim\u00e9e":"4 minutes"},"schema":{"@context":"https:\/\/schema.org","@graph":[{"@type":"Article","@id":"https:\/\/www.cefii.fr\/blog\/lia-peut-elle-remplacer-la-creativite\/#article","isPartOf":{"@id":"https:\/\/www.cefii.fr\/blog\/lia-peut-elle-remplacer-la-creativite\/"},"author":{"name":"nolwenn","@id":"https:\/\/www.cefii.fr\/blog\/#\/schema\/person\/6e5370e5fa8bce93666caec7da146b71"},"headline":"L&rsquo;IA peut-elle remplacer la cr\u00e9ativit\u00e9 ?","datePublished":"2026-04-30T12:13:00+00:00","mainEntityOfPage":{"@id":"https:\/\/www.cefii.fr\/blog\/lia-peut-elle-remplacer-la-creativite\/"},"wordCount":997,"publisher":{"@id":"https:\/\/www.cefii.fr\/blog\/#organization"},"image":{"@id":"https:\/\/www.cefii.fr\/blog\/lia-peut-elle-remplacer-la-creativite\/#primaryimage"},"thumbnailUrl":"https:\/\/www.cefii.fr\/blog\/wp-content\/uploads\/2026\/04\/Nouveaute-Adobe-Photoshop-2023.jpg","articleSection":["Intelligence artificielle","M\u00e9tiers du web","Webdesign"],"inLanguage":"fr-FR"},{"@type":"WebPage","@id":"https:\/\/www.cefii.fr\/blog\/lia-peut-elle-remplacer-la-creativite\/","url":"https:\/\/www.cefii.fr\/blog\/lia-peut-elle-remplacer-la-creativite\/","name":"L'IA peut-elle remplacer la cr\u00e9ativit\u00e9 ? - Blog du CEFii","isPartOf":{"@id":"https:\/\/www.cefii.fr\/blog\/#website"},"primaryImageOfPage":{"@id":"https:\/\/www.cefii.fr\/blog\/lia-peut-elle-remplacer-la-creativite\/#primaryimage"},"image":{"@id":"https:\/\/www.cefii.fr\/blog\/lia-peut-elle-remplacer-la-creativite\/#primaryimage"},"thumbnailUrl":"https:\/\/www.cefii.fr\/blog\/wp-content\/uploads\/2026\/04\/Nouveaute-Adobe-Photoshop-2023.jpg","datePublished":"2026-04-30T12:13:00+00:00","description":"Vous r\u00eavez de donner un nouvel \u00e9lan \u00e0 votre carri\u00e8re ou \u00eates en pleine reconversion professionnelle ? Bonne nouvelle, la r\u00e9gion Pays de la Loire est pr\u00eate \u00e0 vous soutenir dans votre projet de formation !","breadcrumb":{"@id":"https:\/\/www.cefii.fr\/blog\/lia-peut-elle-remplacer-la-creativite\/#breadcrumb"},"inLanguage":"fr-FR","potentialAction":[{"@type":"ReadAction","target":["https:\/\/www.cefii.fr\/blog\/lia-peut-elle-remplacer-la-creativite\/"]}]},{"@type":"ImageObject","inLanguage":"fr-FR","@id":"https:\/\/www.cefii.fr\/blog\/lia-peut-elle-remplacer-la-creativite\/#primaryimage","url":"https:\/\/www.cefii.fr\/blog\/wp-content\/uploads\/2026\/04\/Nouveaute-Adobe-Photoshop-2023.jpg","contentUrl":"https:\/\/www.cefii.fr\/blog\/wp-content\/uploads\/2026\/04\/Nouveaute-Adobe-Photoshop-2023.jpg","width":1200,"height":600},{"@type":"BreadcrumbList","@id":"https:\/\/www.cefii.fr\/blog\/lia-peut-elle-remplacer-la-creativite\/#breadcrumb","itemListElement":[{"@type":"ListItem","position":1,"name":"Accueil","item":"https:\/\/www.cefii.fr\/blog\/"},{"@type":"ListItem","position":2,"name":"L&rsquo;IA peut-elle remplacer la cr\u00e9ativit\u00e9 ?"}]},{"@type":"WebSite","@id":"https:\/\/www.cefii.fr\/blog\/#website","url":"https:\/\/www.cefii.fr\/blog\/","name":"Blog du CEFii","description":"Suivez les actus de votre organisme de formation | CEFii","publisher":{"@id":"https:\/\/www.cefii.fr\/blog\/#organization"},"potentialAction":[{"@type":"SearchAction","target":{"@type":"EntryPoint","urlTemplate":"https:\/\/www.cefii.fr\/blog\/?s={search_term_string}"},"query-input":{"@type":"PropertyValueSpecification","valueRequired":true,"valueName":"search_term_string"}}],"inLanguage":"fr-FR"},{"@type":"Organization","@id":"https:\/\/www.cefii.fr\/blog\/#organization","name":"Blog du CEFii","url":"https:\/\/www.cefii.fr\/blog\/","logo":{"@type":"ImageObject","inLanguage":"fr-FR","@id":"https:\/\/www.cefii.fr\/blog\/#\/schema\/logo\/image\/","url":"https:\/\/www.cefii.fr\/blog\/wp-content\/uploads\/2023\/11\/site-logo-cefii-2024-fonce.png","contentUrl":"https:\/\/www.cefii.fr\/blog\/wp-content\/uploads\/2023\/11\/site-logo-cefii-2024-fonce.png","width":200,"height":109,"caption":"Blog du CEFii"},"image":{"@id":"https:\/\/www.cefii.fr\/blog\/#\/schema\/logo\/image\/"},"sameAs":["https:\/\/www.facebook.com\/CEFiiWeb","https:\/\/www.linkedin.com\/school\/11289329\/","https:\/\/www.instagram.com\/cefii_formations\/"]},{"@type":"Person","@id":"https:\/\/www.cefii.fr\/blog\/#\/schema\/person\/6e5370e5fa8bce93666caec7da146b71","name":"nolwenn"}]}},"_links":{"self":[{"href":"https:\/\/www.cefii.fr\/blog\/wp-json\/wp\/v2\/posts\/2300","targetHints":{"allow":["GET"]}}],"collection":[{"href":"https:\/\/www.cefii.fr\/blog\/wp-json\/wp\/v2\/posts"}],"about":[{"href":"https:\/\/www.cefii.fr\/blog\/wp-json\/wp\/v2\/types\/post"}],"author":[{"embeddable":true,"href":"https:\/\/www.cefii.fr\/blog\/wp-json\/wp\/v2\/users\/2"}],"replies":[{"embeddable":true,"href":"https:\/\/www.cefii.fr\/blog\/wp-json\/wp\/v2\/comments?post=2300"}],"version-history":[{"count":2,"href":"https:\/\/www.cefii.fr\/blog\/wp-json\/wp\/v2\/posts\/2300\/revisions"}],"predecessor-version":[{"id":2303,"href":"https:\/\/www.cefii.fr\/blog\/wp-json\/wp\/v2\/posts\/2300\/revisions\/2303"}],"wp:featuredmedia":[{"embeddable":true,"href":"https:\/\/www.cefii.fr\/blog\/wp-json\/wp\/v2\/media\/2304"}],"wp:attachment":[{"href":"https:\/\/www.cefii.fr\/blog\/wp-json\/wp\/v2\/media?parent=2300"}],"wp:term":[{"taxonomy":"category","embeddable":true,"href":"https:\/\/www.cefii.fr\/blog\/wp-json\/wp\/v2\/categories?post=2300"},{"taxonomy":"post_tag","embeddable":true,"href":"https:\/\/www.cefii.fr\/blog\/wp-json\/wp\/v2\/tags?post=2300"}],"curies":[{"name":"wp","href":"https:\/\/api.w.org\/{rel}","templated":true}]}}